
{"id":23382,"date":"2022-07-30T16:46:22","date_gmt":"2022-07-30T14:46:22","guid":{"rendered":"https:\/\/www.mova.ch\/?p=23382"},"modified":"2022-07-30T16:46:22","modified_gmt":"2022-07-30T14:46:22","slug":"le-scoutisme-international","status":"publish","type":"post","link":"https:\/\/www.mova.ch\/fr\/le-scoutisme-international","title":{"rendered":"Le scoutisme international"},"content":{"rendered":"<p><span class=\"TextRun SCXW79924458 BCX0\" lang=\"FR-CH\" xml:lang=\"FR-CH\" data-contrast=\"auto\"><span class=\"NormalTextRun SCXW79924458 BCX0\">Bien que le <\/span><span class=\"NormalTextRun SpellingErrorV2Themed SCXW79924458 BCX0\">mova<\/span><span class=\"NormalTextRun SCXW79924458 BCX0\"> soit un camp f\u00e9d\u00e9ral, nous <\/span><span class=\"NormalTextRun SCXW79924458 BCX0\">accueillons<\/span><span class=\"NormalTextRun SCXW79924458 BCX0\"> \u00e9galement <\/span><span class=\"NormalTextRun SCXW79924458 BCX0\">quelques groupes <\/span><span class=\"NormalTextRun SCXW79924458 BCX0\">provenant <\/span><span class=\"NormalTextRun SCXW79924458 BCX0\">d\u2019autres pays<\/span><span class=\"NormalTextRun SCXW79924458 BCX0\">, par exemple de Belgique, des <\/span><span class=\"NormalTextRun SCXW79924458 BCX0\">\u00c9<\/span><span class=\"NormalTextRun SCXW79924458 BCX0\">tats-Unis, de Serbie <\/span><span class=\"NormalTextRun SCXW79924458 BCX0\">ou encore <\/span><span class=\"NormalTextRun SCXW79924458 BCX0\">de Su\u00e8de, ainsi que des <\/span><span class=\"NormalTextRun SCXW79924458 BCX0\">Rover<\/span> <span class=\"NormalTextRun SCXW79924458 BCX0\">venus tout droit<\/span> <span class=\"NormalTextRun SCXW79924458 BCX0\">de G\u00e9orgie et du Burkina Faso. Notre \u00e9quipe <\/span><span class=\"NormalTextRun SCXW79924458 BCX0\">de la <\/span><span class=\"NormalTextRun SpellingErrorV2Themed SCXW79924458 BCX0\">F<\/span><span class=\"NormalTextRun SpellingErrorV2Themed SCXW79924458 BCX0\">lamm\u00e6<\/span><span class=\"NormalTextRun SCXW79924458 BCX0\"> est all\u00e9e \u00e0 leur rencontre et leur a pos\u00e9 quelques questions. Vous trouverez un aper\u00e7u <\/span><span class=\"NormalTextRun SCXW79924458 BCX0\">de leur exp\u00e9rience du <\/span><span class=\"NormalTextRun SpellingErrorV2Themed SCXW79924458 BCX0\">mova<\/span> <\/span><span class=\"TextRun Highlight SCXW79924458 BCX0\" lang=\"FR-CH\" xml:lang=\"FR-CH\" data-contrast=\"auto\"><span class=\"NormalTextRun SCXW79924458 BCX0\">ici<\/span><\/span><span class=\"TextRun SCXW79924458 BCX0\" lang=\"FR-CH\" xml:lang=\"FR-CH\" data-contrast=\"auto\"><span class=\"NormalTextRun SCXW79924458 BCX0\">.<\/span><\/span><span class=\"EOP SCXW79924458 BCX0\" data-ccp-props=\"{}\">\u00a0<\/span><\/p>\n","protected":false},"excerpt":{"rendered":"<p>Bien que le mova soit un camp f\u00e9d\u00e9ral, nous accueillons \u00e9galement quelques groupes provenant d\u2019autres pays, par exemple de Belgique, des \u00c9tats-Unis, de Serbie ou encore de Su\u00e8de, ainsi que des Rover venus tout droit de G\u00e9orgie et du Burkina Faso. Notre \u00e9quipe de la Flamm\u00e6 est all\u00e9e \u00e0 leur rencontre et leur a pos\u00e9 [&hellip;]<\/p>\n","protected":false},"author":2408,"featured_media":23336,"comment_status":"closed","ping_status":"open","sticky":false,"template":"","format":"standard","meta":{"_acf_changed":false,"footnotes":""},"categories":[4],"tags":[],"class_list":["post-23382","post","type-post","status-publish","format-standard","has-post-thumbnail","hentry","category-non-classifiee"],"acf":[],"yoast_head":"<!-- This site is optimized with the Yoast SEO plugin v26.4 - https:\/\/yoast.com\/wordpress\/plugins\/seo\/ -->\n<title>Le scoutisme international - mova<\/title>\n<meta name=\"description\" content=\"Bien que le mova soit un camp f\u00e9d\u00e9ral, nous accueillons \u00e9galement quelques groupes provenant d\u2019autres pays, par exemple de Belgique, des \u00c9tats-Unis, de Serbie ou encore de Su\u00e8de, ainsi que des Rover venus tout droit de G\u00e9orgie et du Burkina Faso. Notre \u00e9quipe de la Flamm\u00e6 est all\u00e9e \u00e0 leur rencontre et leur a pos\u00e9 quelques questions. Vous trouverez un aper\u00e7u de leur exp\u00e9rience du mova ici.\" \/>\n<meta name=\"robots\" content=\"index, follow, max-snippet:-1, max-image-preview:large, max-video-preview:-1\" \/>\n<link rel=\"canonical\" href=\"https:\/\/www.mova.ch\/fr\/le-scoutisme-international\" \/>\n<meta property=\"og:locale\" content=\"fr_FR\" \/>\n<meta property=\"og:type\" content=\"article\" \/>\n<meta property=\"og:title\" content=\"Le scoutisme international - mova\" \/>\n<meta property=\"og:description\" content=\"Bien que le mova soit un camp f\u00e9d\u00e9ral, nous accueillons \u00e9galement quelques groupes provenant d\u2019autres pays, par exemple de Belgique, des \u00c9tats-Unis, de Serbie ou encore de Su\u00e8de, ainsi que des Rover venus tout droit de G\u00e9orgie et du Burkina Faso. Notre \u00e9quipe de la Flamm\u00e6 est all\u00e9e \u00e0 leur rencontre et leur a pos\u00e9 quelques questions. Vous trouverez un aper\u00e7u de leur exp\u00e9rience du mova ici.\" \/>\n<meta property=\"og:url\" content=\"https:\/\/www.mova.ch\/fr\/le-scoutisme-international\" \/>\n<meta property=\"og:site_name\" content=\"mova\" \/>\n<meta property=\"article:publisher\" content=\"https:\/\/www.facebook.com\/mova2021\/\" \/>\n<meta property=\"article:published_time\" content=\"2022-07-30T14:46:22+00:00\" \/>\n<meta property=\"og:image\" content=\"https:\/\/www.mova.ch\/wp-content\/uploads\/2022\/07\/44_4_Internationale_Pfadis_Serbien_Bild-02-scaled.jpg\" \/>\n\t<meta property=\"og:image:width\" content=\"2560\" \/>\n\t<meta property=\"og:image:height\" content=\"1920\" \/>\n\t<meta property=\"og:image:type\" content=\"image\/jpeg\" \/>\n<meta name=\"author\" content=\"selinda.ceylan@bula21.ch\" \/>\n<meta name=\"twitter:card\" content=\"summary_large_image\" \/>\n<meta name=\"twitter:label1\" content=\"\u00c9crit par\" \/>\n\t<meta name=\"twitter:data1\" content=\"selinda.ceylan@bula21.ch\" \/>\n<script type=\"application\/ld+json\" class=\"yoast-schema-graph\">{\"@context\":\"https:\/\/schema.org\",\"@graph\":[{\"@type\":\"Article\",\"@id\":\"https:\/\/www.mova.ch\/fr\/le-scoutisme-international#article\",\"isPartOf\":{\"@id\":\"https:\/\/www.mova.ch\/fr\/le-scoutisme-international\"},\"author\":{\"name\":\"selinda.ceylan@bula21.ch\",\"@id\":\"https:\/\/www.mova.ch\/#\/schema\/person\/4492cff91d6d5a9627e91ca798dcef1e\"},\"headline\":\"Le scoutisme international\",\"datePublished\":\"2022-07-30T14:46:22+00:00\",\"mainEntityOfPage\":{\"@id\":\"https:\/\/www.mova.ch\/fr\/le-scoutisme-international\"},\"wordCount\":78,\"publisher\":{\"@id\":\"https:\/\/www.mova.ch\/#organization\"},\"image\":{\"@id\":\"https:\/\/www.mova.ch\/fr\/le-scoutisme-international#primaryimage\"},\"thumbnailUrl\":\"https:\/\/www.mova.ch\/wp-content\/uploads\/2022\/07\/44_4_Internationale_Pfadis_Serbien_Bild-02-scaled.jpg\",\"articleSection\":[\"Non classifi\u00e9(e)\"],\"inLanguage\":\"fr-FR\"},{\"@type\":\"WebPage\",\"@id\":\"https:\/\/www.mova.ch\/fr\/le-scoutisme-international\",\"url\":\"https:\/\/www.mova.ch\/fr\/le-scoutisme-international\",\"name\":\"Le scoutisme international - mova\",\"isPartOf\":{\"@id\":\"https:\/\/www.mova.ch\/#website\"},\"primaryImageOfPage\":{\"@id\":\"https:\/\/www.mova.ch\/fr\/le-scoutisme-international#primaryimage\"},\"image\":{\"@id\":\"https:\/\/www.mova.ch\/fr\/le-scoutisme-international#primaryimage\"},\"thumbnailUrl\":\"https:\/\/www.mova.ch\/wp-content\/uploads\/2022\/07\/44_4_Internationale_Pfadis_Serbien_Bild-02-scaled.jpg\",\"datePublished\":\"2022-07-30T14:46:22+00:00\",\"description\":\"Bien que le mova soit un camp f\u00e9d\u00e9ral, nous accueillons \u00e9galement quelques groupes provenant d\u2019autres pays, par exemple de Belgique, des \u00c9tats-Unis, de Serbie ou encore de Su\u00e8de, ainsi que des Rover venus tout droit de G\u00e9orgie et du Burkina Faso. Notre \u00e9quipe de la Flamm\u00e6 est all\u00e9e \u00e0 leur rencontre et leur a pos\u00e9 quelques questions. Vous trouverez un aper\u00e7u de leur exp\u00e9rience du mova ici.\",\"breadcrumb\":{\"@id\":\"https:\/\/www.mova.ch\/fr\/le-scoutisme-international#breadcrumb\"},\"inLanguage\":\"fr-FR\",\"potentialAction\":[{\"@type\":\"ReadAction\",\"target\":[\"https:\/\/www.mova.ch\/fr\/le-scoutisme-international\"]}]},{\"@type\":\"ImageObject\",\"inLanguage\":\"fr-FR\",\"@id\":\"https:\/\/www.mova.ch\/fr\/le-scoutisme-international#primaryimage\",\"url\":\"https:\/\/www.mova.ch\/wp-content\/uploads\/2022\/07\/44_4_Internationale_Pfadis_Serbien_Bild-02-scaled.jpg\",\"contentUrl\":\"https:\/\/www.mova.ch\/wp-content\/uploads\/2022\/07\/44_4_Internationale_Pfadis_Serbien_Bild-02-scaled.jpg\",\"width\":2560,\"height\":1920},{\"@type\":\"BreadcrumbList\",\"@id\":\"https:\/\/www.mova.ch\/fr\/le-scoutisme-international#breadcrumb\",\"itemListElement\":[{\"@type\":\"ListItem\",\"position\":1,\"name\":\"Startseite\",\"item\":\"https:\/\/www.mova.ch\/fr\"},{\"@type\":\"ListItem\",\"position\":2,\"name\":\"Le scoutisme international\"}]},{\"@type\":\"WebSite\",\"@id\":\"https:\/\/www.mova.ch\/#website\",\"url\":\"https:\/\/www.mova.ch\/\",\"name\":\"mova\",\"description\":\"Bundeslager - Camp F\u00e9d\u00e9ral - Campo Federale\",\"publisher\":{\"@id\":\"https:\/\/www.mova.ch\/#organization\"},\"potentialAction\":[{\"@type\":\"SearchAction\",\"target\":{\"@type\":\"EntryPoint\",\"urlTemplate\":\"https:\/\/www.mova.ch\/?s={search_term_string}\"},\"query-input\":{\"@type\":\"PropertyValueSpecification\",\"valueRequired\":true,\"valueName\":\"search_term_string\"}}],\"inLanguage\":\"fr-FR\"},{\"@type\":\"Organization\",\"@id\":\"https:\/\/www.mova.ch\/#organization\",\"name\":\"mova\",\"url\":\"https:\/\/www.mova.ch\/\",\"logo\":{\"@type\":\"ImageObject\",\"inLanguage\":\"fr-FR\",\"@id\":\"https:\/\/www.mova.ch\/#\/schema\/logo\/image\/\",\"url\":\"https:\/\/www.mova.ch\/wp-content\/uploads\/2020\/02\/mova.jpg\",\"contentUrl\":\"https:\/\/www.mova.ch\/wp-content\/uploads\/2020\/02\/mova.jpg\",\"width\":960,\"height\":960,\"caption\":\"mova\"},\"image\":{\"@id\":\"https:\/\/www.mova.ch\/#\/schema\/logo\/image\/\"},\"sameAs\":[\"https:\/\/www.facebook.com\/mova2021\/\",\"https:\/\/www.instagram.com\/cafe_bula21\/\"]},{\"@type\":\"Person\",\"@id\":\"https:\/\/www.mova.ch\/#\/schema\/person\/4492cff91d6d5a9627e91ca798dcef1e\",\"name\":\"selinda.ceylan@bula21.ch\",\"image\":{\"@type\":\"ImageObject\",\"inLanguage\":\"fr-FR\",\"@id\":\"https:\/\/www.mova.ch\/#\/schema\/person\/image\/\",\"url\":\"https:\/\/secure.gravatar.com\/avatar\/67808a191823c9a0b8b6cda234d6a6dfc834c6004f4016d7cb581e1118d002bd?s=96&d=mm&r=g\",\"contentUrl\":\"https:\/\/secure.gravatar.com\/avatar\/67808a191823c9a0b8b6cda234d6a6dfc834c6004f4016d7cb581e1118d002bd?s=96&d=mm&r=g\",\"caption\":\"selinda.ceylan@bula21.ch\"},\"url\":\"https:\/\/www.mova.ch\/fr\/author\/selinda-ceylanbula21-ch\"}]}<\/script>\n<!-- \/ Yoast SEO plugin. -->","yoast_head_json":{"title":"Le scoutisme international - mova","description":"Bien que le mova soit un camp f\u00e9d\u00e9ral, nous accueillons \u00e9galement quelques groupes provenant d\u2019autres pays, par exemple de Belgique, des \u00c9tats-Unis, de Serbie ou encore de Su\u00e8de, ainsi que des Rover venus tout droit de G\u00e9orgie et du Burkina Faso. Notre \u00e9quipe de la Flamm\u00e6 est all\u00e9e \u00e0 leur rencontre et leur a pos\u00e9 quelques questions. Vous trouverez un aper\u00e7u de leur exp\u00e9rience du mova ici.","robots":{"index":"index","follow":"follow","max-snippet":"max-snippet:-1","max-image-preview":"max-image-preview:large","max-video-preview":"max-video-preview:-1"},"canonical":"https:\/\/www.mova.ch\/fr\/le-scoutisme-international","og_locale":"fr_FR","og_type":"article","og_title":"Le scoutisme international - mova","og_description":"Bien que le mova soit un camp f\u00e9d\u00e9ral, nous accueillons \u00e9galement quelques groupes provenant d\u2019autres pays, par exemple de Belgique, des \u00c9tats-Unis, de Serbie ou encore de Su\u00e8de, ainsi que des Rover venus tout droit de G\u00e9orgie et du Burkina Faso. Notre \u00e9quipe de la Flamm\u00e6 est all\u00e9e \u00e0 leur rencontre et leur a pos\u00e9 quelques questions. Vous trouverez un aper\u00e7u de leur exp\u00e9rience du mova ici.","og_url":"https:\/\/www.mova.ch\/fr\/le-scoutisme-international","og_site_name":"mova","article_publisher":"https:\/\/www.facebook.com\/mova2021\/","article_published_time":"2022-07-30T14:46:22+00:00","og_image":[{"width":2560,"height":1920,"url":"https:\/\/www.mova.ch\/wp-content\/uploads\/2022\/07\/44_4_Internationale_Pfadis_Serbien_Bild-02-scaled.jpg","type":"image\/jpeg"}],"author":"selinda.ceylan@bula21.ch","twitter_card":"summary_large_image","twitter_misc":{"\u00c9crit par":"selinda.ceylan@bula21.ch"},"schema":{"@context":"https:\/\/schema.org","@graph":[{"@type":"Article","@id":"https:\/\/www.mova.ch\/fr\/le-scoutisme-international#article","isPartOf":{"@id":"https:\/\/www.mova.ch\/fr\/le-scoutisme-international"},"author":{"name":"selinda.ceylan@bula21.ch","@id":"https:\/\/www.mova.ch\/#\/schema\/person\/4492cff91d6d5a9627e91ca798dcef1e"},"headline":"Le scoutisme international","datePublished":"2022-07-30T14:46:22+00:00","mainEntityOfPage":{"@id":"https:\/\/www.mova.ch\/fr\/le-scoutisme-international"},"wordCount":78,"publisher":{"@id":"https:\/\/www.mova.ch\/#organization"},"image":{"@id":"https:\/\/www.mova.ch\/fr\/le-scoutisme-international#primaryimage"},"thumbnailUrl":"https:\/\/www.mova.ch\/wp-content\/uploads\/2022\/07\/44_4_Internationale_Pfadis_Serbien_Bild-02-scaled.jpg","articleSection":["Non classifi\u00e9(e)"],"inLanguage":"fr-FR"},{"@type":"WebPage","@id":"https:\/\/www.mova.ch\/fr\/le-scoutisme-international","url":"https:\/\/www.mova.ch\/fr\/le-scoutisme-international","name":"Le scoutisme international - mova","isPartOf":{"@id":"https:\/\/www.mova.ch\/#website"},"primaryImageOfPage":{"@id":"https:\/\/www.mova.ch\/fr\/le-scoutisme-international#primaryimage"},"image":{"@id":"https:\/\/www.mova.ch\/fr\/le-scoutisme-international#primaryimage"},"thumbnailUrl":"https:\/\/www.mova.ch\/wp-content\/uploads\/2022\/07\/44_4_Internationale_Pfadis_Serbien_Bild-02-scaled.jpg","datePublished":"2022-07-30T14:46:22+00:00","description":"Bien que le mova soit un camp f\u00e9d\u00e9ral, nous accueillons \u00e9galement quelques groupes provenant d\u2019autres pays, par exemple de Belgique, des \u00c9tats-Unis, de Serbie ou encore de Su\u00e8de, ainsi que des Rover venus tout droit de G\u00e9orgie et du Burkina Faso. Notre \u00e9quipe de la Flamm\u00e6 est all\u00e9e \u00e0 leur rencontre et leur a pos\u00e9 quelques questions. Vous trouverez un aper\u00e7u de leur exp\u00e9rience du mova ici.","breadcrumb":{"@id":"https:\/\/www.mova.ch\/fr\/le-scoutisme-international#breadcrumb"},"inLanguage":"fr-FR","potentialAction":[{"@type":"ReadAction","target":["https:\/\/www.mova.ch\/fr\/le-scoutisme-international"]}]},{"@type":"ImageObject","inLanguage":"fr-FR","@id":"https:\/\/www.mova.ch\/fr\/le-scoutisme-international#primaryimage","url":"https:\/\/www.mova.ch\/wp-content\/uploads\/2022\/07\/44_4_Internationale_Pfadis_Serbien_Bild-02-scaled.jpg","contentUrl":"https:\/\/www.mova.ch\/wp-content\/uploads\/2022\/07\/44_4_Internationale_Pfadis_Serbien_Bild-02-scaled.jpg","width":2560,"height":1920},{"@type":"BreadcrumbList","@id":"https:\/\/www.mova.ch\/fr\/le-scoutisme-international#breadcrumb","itemListElement":[{"@type":"ListItem","position":1,"name":"Startseite","item":"https:\/\/www.mova.ch\/fr"},{"@type":"ListItem","position":2,"name":"Le scoutisme international"}]},{"@type":"WebSite","@id":"https:\/\/www.mova.ch\/#website","url":"https:\/\/www.mova.ch\/","name":"mova","description":"Bundeslager - Camp F\u00e9d\u00e9ral - Campo Federale","publisher":{"@id":"https:\/\/www.mova.ch\/#organization"},"potentialAction":[{"@type":"SearchAction","target":{"@type":"EntryPoint","urlTemplate":"https:\/\/www.mova.ch\/?s={search_term_string}"},"query-input":{"@type":"PropertyValueSpecification","valueRequired":true,"valueName":"search_term_string"}}],"inLanguage":"fr-FR"},{"@type":"Organization","@id":"https:\/\/www.mova.ch\/#organization","name":"mova","url":"https:\/\/www.mova.ch\/","logo":{"@type":"ImageObject","inLanguage":"fr-FR","@id":"https:\/\/www.mova.ch\/#\/schema\/logo\/image\/","url":"https:\/\/www.mova.ch\/wp-content\/uploads\/2020\/02\/mova.jpg","contentUrl":"https:\/\/www.mova.ch\/wp-content\/uploads\/2020\/02\/mova.jpg","width":960,"height":960,"caption":"mova"},"image":{"@id":"https:\/\/www.mova.ch\/#\/schema\/logo\/image\/"},"sameAs":["https:\/\/www.facebook.com\/mova2021\/","https:\/\/www.instagram.com\/cafe_bula21\/"]},{"@type":"Person","@id":"https:\/\/www.mova.ch\/#\/schema\/person\/4492cff91d6d5a9627e91ca798dcef1e","name":"selinda.ceylan@bula21.ch","image":{"@type":"ImageObject","inLanguage":"fr-FR","@id":"https:\/\/www.mova.ch\/#\/schema\/person\/image\/","url":"https:\/\/secure.gravatar.com\/avatar\/67808a191823c9a0b8b6cda234d6a6dfc834c6004f4016d7cb581e1118d002bd?s=96&d=mm&r=g","contentUrl":"https:\/\/secure.gravatar.com\/avatar\/67808a191823c9a0b8b6cda234d6a6dfc834c6004f4016d7cb581e1118d002bd?s=96&d=mm&r=g","caption":"selinda.ceylan@bula21.ch"},"url":"https:\/\/www.mova.ch\/fr\/author\/selinda-ceylanbula21-ch"}]}},"content_api":"<div class=\"container mod-single\">\n        <div class=\"mod-content\">\n\t\t\t                    <section>\n\t\t\t\t\t\t                                    <div class=\"header one-col bg-red\">\n                                        <div class=\"infos\">\n                                            <h1 class=\"post-title\">Le scoutisme international<\/h1>\n                                            <div class=\"text-intro\"><p><span class=\"TextRun SCXW79924458 BCX0\" lang=\"FR-CH\" xml:lang=\"FR-CH\" data-contrast=\"auto\"><span class=\"NormalTextRun SCXW79924458 BCX0\">Bien que le <\/span><span class=\"NormalTextRun SpellingErrorV2Themed SCXW79924458 BCX0\">mova<\/span><span class=\"NormalTextRun SCXW79924458 BCX0\"> soit un camp f\u00e9d\u00e9ral, nous <\/span><span class=\"NormalTextRun SCXW79924458 BCX0\">accueillons<\/span><span class=\"NormalTextRun SCXW79924458 BCX0\"> \u00e9galement <\/span><span class=\"NormalTextRun SCXW79924458 BCX0\">quelques groupes <\/span><span class=\"NormalTextRun SCXW79924458 BCX0\">provenant <\/span><span class=\"NormalTextRun SCXW79924458 BCX0\">d\u2019autres pays<\/span><span class=\"NormalTextRun SCXW79924458 BCX0\">, par exemple de Belgique, des <\/span><span class=\"NormalTextRun SCXW79924458 BCX0\">\u00c9<\/span><span class=\"NormalTextRun SCXW79924458 BCX0\">tats-Unis, de Serbie <\/span><span class=\"NormalTextRun SCXW79924458 BCX0\">ou encore <\/span><span class=\"NormalTextRun SCXW79924458 BCX0\">de Su\u00e8de, ainsi que des <\/span><span class=\"NormalTextRun SCXW79924458 BCX0\">Rover<\/span> <span class=\"NormalTextRun SCXW79924458 BCX0\">venus tout droit<\/span> <span class=\"NormalTextRun SCXW79924458 BCX0\">de G\u00e9orgie et du Burkina Faso. Notre \u00e9quipe <\/span><span class=\"NormalTextRun SCXW79924458 BCX0\">de la <\/span><span class=\"NormalTextRun SpellingErrorV2Themed SCXW79924458 BCX0\">F<\/span><span class=\"NormalTextRun SpellingErrorV2Themed SCXW79924458 BCX0\">lamm\u00e6<\/span><span class=\"NormalTextRun SCXW79924458 BCX0\"> est all\u00e9e \u00e0 leur rencontre et leur a pos\u00e9 quelques questions. Vous trouverez un aper\u00e7u <\/span><span class=\"NormalTextRun SCXW79924458 BCX0\">de leur exp\u00e9rience du <\/span><span class=\"NormalTextRun SpellingErrorV2Themed SCXW79924458 BCX0\">mova<\/span> <\/span><span class=\"TextRun Highlight SCXW79924458 BCX0\" lang=\"FR-CH\" xml:lang=\"FR-CH\" data-contrast=\"auto\"><span class=\"NormalTextRun SCXW79924458 BCX0\">ici<\/span><\/span><span class=\"TextRun SCXW79924458 BCX0\" lang=\"FR-CH\" xml:lang=\"FR-CH\" data-contrast=\"auto\"><span class=\"NormalTextRun SCXW79924458 BCX0\">.<\/span><\/span><span class=\"EOP SCXW79924458 BCX0\" data-ccp-props=\"{}\">\u00a0<\/span><\/p>\n<\/div>\n                                        <\/div>\n                                    <\/div>\n\t\t\t\t\t\t\t\t\n\t\t\t\t\t\t                    <\/section>\n\t\t\t\t                    <section>\n\t\t\t\t\t\t                            <div class=\"content-element--text-bild\">\n\t\t\t\t\t\t\t\t                                <div class=\"row no-gutters \">\n                                    <div class=\"col-12 col-md-6 bg-blue\">\n                                        <div class=\"text\">\n                                            <h1>\n\t\t\t\t\t\t\t\t\t\t\t\tBelgique                                            <\/h1>\n                                            <p>\n\t\t\t\t\t\t\t\t\t\t\t\t<p><span class=\"TextRun SCXW99842285 BCX0\" lang=\"FR-CH\" xml:lang=\"FR-CH\" data-contrast=\"auto\"><span class=\"NormalTextRun SCXW99842285 BCX0\">Les scout<\/span><span class=\"NormalTextRun SCXW99842285 BCX0\">-e-<\/span><span class=\"NormalTextRun SCXW99842285 BCX0\">s belges<\/span><span class=\"NormalTextRun SCXW99842285 BCX0\"> nous<\/span><span class=\"NormalTextRun SCXW99842285 BCX0\"> ont parl\u00e9 de leur repas de camp typique, <\/span><span class=\"NormalTextRun SCXW99842285 BCX0\">les <\/span><span class=\"NormalTextRun SCXW99842285 BCX0\">\u00ab\u00a0Spaghetti sur table\u00a0\u00bb. <\/span><span class=\"NormalTextRun SCXW99842285 BCX0\">Il n&rsquo;y a ni vaisselle, ni couverts, ni mains, les spaghettis <\/span><span class=\"NormalTextRun SCXW99842285 BCX0\">sont<\/span><span class=\"NormalTextRun SCXW99842285 BCX0\"> simplement <\/span><span class=\"NormalTextRun SCXW99842285 BCX0\">pos\u00e9s <\/span><span class=\"NormalTextRun SCXW99842285 BCX0\">sur la table et <\/span><span class=\"NormalTextRun SCXW99842285 BCX0\">on les mange<\/span><span class=\"NormalTextRun SCXW99842285 BCX0\"> sans aucun accessoire<\/span><span class=\"NormalTextRun SCXW99842285 BCX0\">\u202f!<\/span><span class=\"NormalTextRun SCXW99842285 BCX0\"> C&rsquo;est <\/span><span class=\"NormalTextRun SCXW99842285 BCX0\">compl\u00e9tement <\/span><span class=\"NormalTextRun SCXW99842285 BCX0\">fou<\/span><span class=\"NormalTextRun SCXW99842285 BCX0\">, <\/span><span class=\"NormalTextRun SCXW99842285 BCX0\">vous ne trouvez pas<\/span><span class=\"NormalTextRun SCXW99842285 BCX0\">\u202f?<\/span> <span class=\"NormalTextRun SCXW99842285 BCX0\">E<\/span><span class=\"NormalTextRun SCXW99842285 BCX0\">st-ce que vous aur<\/span><span class=\"NormalTextRun SCXW99842285 BCX0\">i<\/span><span class=\"NormalTextRun SCXW99842285 BCX0\">ez <\/span><span class=\"NormalTextRun SCXW99842285 BCX0\">le courage d\u2019essayer\u202f<\/span><span class=\"NormalTextRun SCXW99842285 BCX0\">?<\/span><\/span><span class=\"EOP SCXW99842285 BCX0\" data-ccp-props=\"{}\">\u00a0<\/span><\/p>\n                                            <\/p>\n                                        <\/div>\n                                    <\/div>\n                                    <div class=\"col-12 col-md-6\">\n\t\t\t\t\t\t\t\t\t\t    <picture class=\"content-image\" data-mfp-src=\"https:\/\/www.mova.ch\/wp-content\/uploads\/2022\/07\/41_4_Internationale_Pfadis_Belgien-scaled.jpg\" title=\"\">\n        <img srcset=\"https:\/\/www.mova.ch\/wp-content\/uploads\/2022\/07\/41_4_Internationale_Pfadis_Belgien-1400x1050.jpg 1x, https:\/\/www.mova.ch\/wp-content\/uploads\/2022\/07\/41_4_Internationale_Pfadis_Belgien-2800x2100.jpg 2x\" alt=\"\">\n    <\/picture>\n\t                                    <\/div>\n                                <\/div>\n                            <\/div>\n\n\t\t\t\t\t\t                    <\/section>\n\t\t\t\t                    <section>\n\t\t\t\t\t\t                            <div class=\"content-element--text-bild\">\n\t\t\t\t\t\t\t\t                                <div class=\"row no-gutters flex-row-reverse\">\n                                    <div class=\"col-12 col-md-6 bg-yellow\">\n                                        <div class=\"text\">\n                                            <h1>\n\t\t\t\t\t\t\t\t\t\t\t\tSerbie                                            <\/h1>\n                                            <p>\n\t\t\t\t\t\t\t\t\t\t\t\t<p><span class=\"TextRun SCXW106575746 BCX0\" lang=\"FR-CH\" xml:lang=\"FR-CH\" data-contrast=\"auto\"><span class=\"NormalTextRun SCXW106575746 BCX0\">Au vu<\/span><span class=\"NormalTextRun SCXW106575746 BCX0\"> de la<\/span><span class=\"NormalTextRun SCXW106575746 BCX0\"> collaboration d\u00e9j\u00e0 existante entre la<\/span><span class=\"NormalTextRun SCXW106575746 BCX0\"> Suiss<\/span><span class=\"NormalTextRun SCXW106575746 BCX0\">e et la Serbie<\/span><span class=\"NormalTextRun SCXW106575746 BCX0\">, les scout<\/span><span class=\"NormalTextRun SCXW106575746 BCX0\">-e-<\/span><span class=\"NormalTextRun SCXW106575746 BCX0\">s serbes <\/span><span class=\"NormalTextRun SCXW106575746 BCX0\">ont eu <\/span><span class=\"NormalTextRun SCXW106575746 BCX0\">envie<\/span><span class=\"NormalTextRun SCXW106575746 BCX0\"> de<\/span><span class=\"NormalTextRun SCXW106575746 BCX0\"> venir au <\/span><span class=\"NormalTextRun SpellingErrorV2Themed SCXW106575746 BCX0\">mova<\/span><span class=\"NormalTextRun SCXW106575746 BCX0\">.<\/span> <span class=\"NormalTextRun SCXW106575746 BCX0\">L<\/span><span class=\"NormalTextRun SCXW106575746 BCX0\">&lsquo;organisation<\/span><span class=\"NormalTextRun SCXW106575746 BCX0\"> et<\/span><span class=\"NormalTextRun SCXW106575746 BCX0\"> la taille du camp <\/span><span class=\"NormalTextRun SCXW106575746 BCX0\">ainsi que <\/span><span class=\"NormalTextRun SCXW106575746 BCX0\">les constructions \u00e0 plusieurs \u00e9tages <\/span><span class=\"NormalTextRun SCXW106575746 BCX0\">cr\u00e9\u00e9es par<\/span><span class=\"NormalTextRun SCXW106575746 BCX0\"> les unit\u00e9s et les <\/span><span class=\"NormalTextRun SCXW106575746 BCX0\">Rovers<\/span> <span class=\"NormalTextRun SCXW106575746 BCX0\">les impressionnent beaucoup, tout comme les <\/span><span class=\"NormalTextRun SCXW106575746 BCX0\">constructions <\/span><span class=\"NormalTextRun SCXW106575746 BCX0\">de camp<\/span><span class=\"NormalTextRun SCXW106575746 BCX0\">. <\/span><span class=\"NormalTextRun SCXW106575746 BCX0\">Un de<\/span><span class=\"NormalTextRun SCXW106575746 BCX0\">s<\/span><span class=\"NormalTextRun SCXW106575746 BCX0\"> plats typiques <\/span><span class=\"NormalTextRun SCXW106575746 BCX0\">cuisin\u00e9<\/span><span class=\"NormalTextRun SCXW106575746 BCX0\"> lors de leurs camps est le<\/span><span class=\"NormalTextRun SCXW106575746 BCX0\"> \u00ab\u00a0<\/span><span class=\"NormalTextRun SpellingErrorV2Themed SCXW106575746 BCX0\">P<\/span><span class=\"NormalTextRun SpellingErrorV2Themed SCXW106575746 BCX0\">asulj<\/span><span class=\"NormalTextRun SCXW106575746 BCX0\">\u00ab\u00a0, un<\/span><span class=\"NormalTextRun SCXW106575746 BCX0\"> plat<\/span> <span class=\"NormalTextRun SCXW106575746 BCX0\">avec <\/span><span class=\"NormalTextRun SCXW106575746 BCX0\">de<\/span><span class=\"NormalTextRun SCXW106575746 BCX0\">s<\/span><span class=\"NormalTextRun SCXW106575746 BCX0\"> haricots, d<\/span><span class=\"NormalTextRun SCXW106575746 BCX0\">es <\/span><span class=\"NormalTextRun SCXW106575746 BCX0\">oignons, de<\/span><span class=\"NormalTextRun SCXW106575746 BCX0\">s<\/span><span class=\"NormalTextRun SCXW106575746 BCX0\"> poivrons et de <\/span><span class=\"NormalTextRun SCXW106575746 BCX0\">la <\/span><span class=\"NormalTextRun SCXW106575746 BCX0\">viande. Cela ressemble <\/span><span class=\"NormalTextRun SCXW106575746 BCX0\">un peu <\/span><span class=\"NormalTextRun SCXW106575746 BCX0\">au chili con carne, <\/span><span class=\"NormalTextRun SCXW106575746 BCX0\">qu\u2019on conna\u00eet<\/span><span class=\"NormalTextRun SCXW106575746 BCX0\"> d\u2019ailleurs <\/span><span class=\"NormalTextRun SCXW106575746 BCX0\">aussi <\/span><span class=\"NormalTextRun SCXW106575746 BCX0\">bien dans nos camps<\/span><span class=\"NormalTextRun SCXW106575746 BCX0\"> en Suisse<\/span><span class=\"NormalTextRun SCXW106575746 BCX0\">\u202f!<\/span><\/span><span class=\"EOP SCXW106575746 BCX0\" data-ccp-props=\"{}\">\u00a0<\/span><\/p>\n                                            <\/p>\n                                        <\/div>\n                                    <\/div>\n                                    <div class=\"col-12 col-md-6\">\n\t\t\t\t\t\t\t\t\t\t    <picture class=\"content-image\" data-mfp-src=\"https:\/\/www.mova.ch\/wp-content\/uploads\/2022\/07\/44_4_Internationale_Pfadis_Serbien_Bild-02-scaled.jpg\" title=\"\">\n        <img srcset=\"https:\/\/www.mova.ch\/wp-content\/uploads\/2022\/07\/44_4_Internationale_Pfadis_Serbien_Bild-02-1400x1050.jpg 1x, https:\/\/www.mova.ch\/wp-content\/uploads\/2022\/07\/44_4_Internationale_Pfadis_Serbien_Bild-02-2800x2100.jpg 2x\" alt=\"\">\n    <\/picture>\n\t                                    <\/div>\n                                <\/div>\n                            <\/div>\n\n\t\t\t\t\t\t                    <\/section>\n\t\t\t\t                    <section>\n\t\t\t\t\t\t                            <div class=\"content-element--text-bild\">\n\t\t\t\t\t\t\t\t                                <div class=\"row no-gutters \">\n                                    <div class=\"col-12 col-md-6 bg-red\">\n                                        <div class=\"text\">\n                                            <h1>\n\t\t\t\t\t\t\t\t\t\t\t\tSu\u00e8de                                            <\/h1>\n                                            <p>\n\t\t\t\t\t\t\t\t\t\t\t\t<p><span class=\"TextRun SCXW175202670 BCX0\" lang=\"FR-CH\" xml:lang=\"FR-CH\" data-contrast=\"auto\"><span class=\"NormalTextRun SCXW175202670 BCX0\">Un groupe <\/span><span class=\"NormalTextRun SCXW175202670 BCX0\">su\u00e9dois<\/span><span class=\"NormalTextRun SCXW175202670 BCX0\"> voulait<\/span><span class=\"NormalTextRun SCXW175202670 BCX0\"> quant \u00e0 lui<\/span> <span class=\"NormalTextRun SCXW175202670 BCX0\">participer \u00e0<\/span><span class=\"NormalTextRun SCXW175202670 BCX0\"> un camp <\/span><span class=\"NormalTextRun SCXW175202670 BCX0\">\u00e0 l\u2019<\/span><span class=\"NormalTextRun SCXW175202670 BCX0\">\u00e9tranger et lorsqu&rsquo;ils <\/span><span class=\"NormalTextRun SCXW175202670 BCX0\">se sont renseign\u00e9s<\/span><span class=\"NormalTextRun SCXW175202670 BCX0\">, <\/span><span class=\"NormalTextRun SCXW175202670 BCX0\">leur choix s\u2019est rapidement <\/span><span class=\"NormalTextRun SCXW175202670 BCX0\">port\u00e9 sur<\/span><span class=\"NormalTextRun SCXW175202670 BCX0\"> le <\/span><span class=\"NormalTextRun SpellingErrorV2Themed SCXW175202670 BCX0\">mova<\/span><span class=\"NormalTextRun SCXW175202670 BCX0\">. <\/span><span class=\"NormalTextRun SCXW175202670 BCX0\">Le camp leur pla\u00eet <\/span><span class=\"NormalTextRun SCXW175202670 BCX0\">beaucoup<\/span><span class=\"NormalTextRun SCXW175202670 BCX0\">, <\/span><span class=\"NormalTextRun SCXW175202670 BCX0\">m<\/span><span class=\"NormalTextRun SCXW175202670 BCX0\">ais <\/span><span class=\"NormalTextRun SCXW175202670 BCX0\">les <\/span><span class=\"NormalTextRun SpellingErrorV2Themed SCXW175202670 BCX0\">\u00c4lplermagronen<\/span><span class=\"NormalTextRun SCXW175202670 BCX0\"> les <\/span><span class=\"NormalTextRun SCXW175202670 BCX0\">ont <\/span><span class=\"NormalTextRun SCXW175202670 BCX0\">quand m\u00eame <\/span><span class=\"NormalTextRun SCXW175202670 BCX0\">\u00e9tonn\u00e9s<\/span><span class=\"NormalTextRun SCXW175202670 BCX0\">. E<\/span><span class=\"NormalTextRun SCXW175202670 BCX0\">n y r\u00e9fl\u00e9chissant un peu<\/span><span class=\"NormalTextRun SCXW175202670 BCX0\">,<\/span> <span class=\"NormalTextRun SCXW175202670 BCX0\">c\u2019est compr\u00e9hensible\u202f: des p<\/span><span class=\"NormalTextRun SCXW175202670 BCX0\">ommes de terre, <\/span><span class=\"NormalTextRun SCXW175202670 BCX0\">des <\/span><span class=\"NormalTextRun SCXW175202670 BCX0\">p\u00e2tes, <\/span><span class=\"NormalTextRun SCXW175202670 BCX0\">du <\/span><span class=\"NormalTextRun SCXW175202670 BCX0\">fromage et <\/span><span class=\"NormalTextRun SCXW175202670 BCX0\">de la <\/span><span class=\"NormalTextRun SCXW175202670 BCX0\">compote de pommes, <\/span><span class=\"NormalTextRun SCXW175202670 BCX0\">assez <\/span><span class=\"NormalTextRun SCXW175202670 BCX0\">sp\u00e9cia<\/span><span class=\"NormalTextRun SCXW175202670 BCX0\">l\u202f!<\/span><span class=\"NormalTextRun SCXW175202670 BCX0\"> Chez nous, c\u2019est un plat <\/span><span class=\"NormalTextRun SCXW175202670 BCX0\">incontournable pour un camp scout<\/span><span class=\"NormalTextRun SCXW175202670 BCX0\">, <\/span><span class=\"NormalTextRun SCXW175202670 BCX0\">de s\u00fbr <\/span><span class=\"NormalTextRun SCXW175202670 BCX0\">pour les <\/span><span class=\"NormalTextRun SCXW175202670 BCX0\">S<\/span><span class=\"NormalTextRun SCXW175202670 BCX0\">uisses-allemands<\/span><span class=\"NormalTextRun SCXW175202670 BCX0\"> et<\/span><span class=\"NormalTextRun SCXW175202670 BCX0\">,<\/span><span class=\"NormalTextRun SCXW175202670 BCX0\"> si on cherche bien, pour certains <\/span><span class=\"NormalTextRun SCXW175202670 BCX0\">R<\/span><span class=\"NormalTextRun SCXW175202670 BCX0\">omands et <\/span><span class=\"NormalTextRun SCXW175202670 BCX0\">T<\/span><span class=\"NormalTextRun SCXW175202670 BCX0\">essinois certainement aussi<\/span><span class=\"NormalTextRun SCXW175202670 BCX0\">\u202f!<\/span><span class=\"NormalTextRun SCXW175202670 BCX0\">\u00a0<\/span><\/span><span class=\"EOP SCXW175202670 BCX0\" data-ccp-props=\"{}\">\u00a0<\/span><\/p>\n                                            <\/p>\n                                        <\/div>\n                                    <\/div>\n                                    <div class=\"col-12 col-md-6\">\n\t\t\t\t\t\t\t\t\t\t    <picture class=\"content-image\" data-mfp-src=\"https:\/\/www.mova.ch\/wp-content\/uploads\/2022\/07\/43_4_Internationale_Pfadis_Schweden_2-e1659191753118.png\" title=\"\">\n        <img srcset=\"https:\/\/www.mova.ch\/wp-content\/uploads\/2022\/07\/43_4_Internationale_Pfadis_Schweden_2-e1659191753118-1400x1232.png 1x, https:\/\/www.mova.ch\/wp-content\/uploads\/2022\/07\/43_4_Internationale_Pfadis_Schweden_2-e1659191753118.png 2x\" alt=\"\">\n    <\/picture>\n\t                                    <\/div>\n                                <\/div>\n                            <\/div>\n\n\t\t\t\t\t\t                    <\/section>\n\t\t\t\t                    <section>\n\t\t\t\t\t\t                            <div class=\"content-element--text-bild\">\n\t\t\t\t\t\t\t\t                                <div class=\"row no-gutters flex-row-reverse\">\n                                    <div class=\"col-12 col-md-6 bg-blue\">\n                                        <div class=\"text\">\n                                            <h1>\n\t\t\t\t\t\t\t\t\t\t\t\tG\u00e9orgie                                            <\/h1>\n                                            <p>\n\t\t\t\t\t\t\t\t\t\t\t\t<p>&nbsp;<\/p>\n<p><span class=\"TextRun SCXW197330541 BCX0\" lang=\"FR-CH\" xml:lang=\"FR-CH\" data-contrast=\"auto\"><span class=\"NormalTextRun SCXW197330541 BCX0\">Quelques personnes sont <\/span><span class=\"NormalTextRun SCXW197330541 BCX0\">aussi<\/span> <span class=\"NormalTextRun SCXW197330541 BCX0\">venues sp\u00e9cialement de G\u00e9orgie pour aider en tant que <\/span><span class=\"NormalTextRun SCXW197330541 BCX0\">Rovers<\/span><span class=\"NormalTextRun SCXW197330541 BCX0\">. <\/span><span class=\"NormalTextRun SCXW197330541 BCX0\">L<\/span><span class=\"NormalTextRun SCXW197330541 BCX0\">a <\/span><span class=\"NormalTextRun SCXW197330541 BCX0\">taille du <\/span><span class=\"NormalTextRun SpellingErrorV2Themed SCXW197330541 BCX0\">mova<\/span><span class=\"NormalTextRun SCXW197330541 BCX0\"> les impressionne beaucoup<\/span><span class=\"NormalTextRun SCXW197330541 BCX0\">, car leur camp national est beaucoup plus petit. <\/span><span class=\"NormalTextRun SCXW197330541 BCX0\">Il faut dire qu\u2019en <\/span><span class=\"NormalTextRun SCXW197330541 BCX0\">S<\/span><span class=\"NormalTextRun SCXW197330541 BCX0\">uisse, <\/span><span class=\"NormalTextRun SCXW197330541 BCX0\">le scoutisme est la plus grande association de jeunesse. En G\u00e9orgie, <\/span><span class=\"NormalTextRun SCXW197330541 BCX0\">on<\/span><span class=\"NormalTextRun SCXW197330541 BCX0\"> mange souvent des p\u00e2tes <\/span><span class=\"NormalTextRun SCXW197330541 BCX0\">durant<\/span><span class=\"NormalTextRun SCXW197330541 BCX0\"> les camps, ou encore du \u00ab\u00a0<\/span><span class=\"NormalTextRun SpellingErrorV2Themed SCXW197330541 BCX0\">L<\/span><span class=\"NormalTextRun SpellingErrorV2Themed SCXW197330541 BCX0\">obio<\/span><span class=\"NormalTextRun SCXW197330541 BCX0\">\u00ab\u00a0<\/span><span class=\"NormalTextRun SCXW197330541 BCX0\">. Il s\u2019agit de <\/span><span class=\"NormalTextRun SCXW197330541 BCX0\">haricots cuits au four<\/span><span class=\"NormalTextRun SCXW197330541 BCX0\">, qu<\/span><span class=\"NormalTextRun SCXW197330541 BCX0\">i s\u2019<\/span><span class=\"NormalTextRun SCXW197330541 BCX0\">accompagnent<\/span><span class=\"NormalTextRun SCXW197330541 BCX0\"> de<\/span><span class=\"NormalTextRun SCXW197330541 BCX0\"> l\u00e9gumes en conserve. <\/span><span class=\"NormalTextRun SCXW197330541 BCX0\">Les scout-e-s de G\u00e9orgie<\/span><span class=\"NormalTextRun SCXW197330541 BCX0\"> ont profit\u00e9 de notre visite p<\/span><span class=\"NormalTextRun SCXW197330541 BCX0\">our<\/span><span class=\"NormalTextRun SCXW197330541 BCX0\"> nous lanc<\/span><span class=\"NormalTextRun SCXW197330541 BCX0\">er <\/span><span class=\"NormalTextRun SCXW197330541 BCX0\">un d\u00e9fi<\/span><span class=\"NormalTextRun SCXW197330541 BCX0\">\u202f: dire <\/span><span class=\"NormalTextRun SCXW197330541 BCX0\">l<\/span><span class=\"NormalTextRun SCXW197330541 BCX0\">a phrase<\/span><span class=\"NormalTextRun SCXW197330541 BCX0\"> \u00ab\u00a0<\/span><span class=\"NormalTextRun SpellingErrorV2Themed SCXW197330541 BCX0\">Bakaki<\/span> <span class=\"NormalTextRun SpellingErrorV2Themed SCXW197330541 BCX0\">tskalshi<\/span> <span class=\"NormalTextRun SpellingErrorV2Themed SCXW197330541 BCX0\">kikinebs<\/span><span class=\"NormalTextRun SCXW197330541 BCX0\">\u00ab\u00a0<\/span><span class=\"NormalTextRun SCXW197330541 BCX0\"> en g\u00e9orgien<\/span><span class=\"NormalTextRun SCXW197330541 BCX0\">, ce qui signifie \u00ab\u00a0La grenouille coasse dans l&rsquo;eau\u00a0\u00bb. Quand on le lit comme \u00e7a, <\/span><span class=\"NormalTextRun SCXW197330541 BCX0\">cela<\/span><span class=\"NormalTextRun SCXW197330541 BCX0\"> ne semble pas si difficile, mais <\/span><span class=\"NormalTextRun SCXW197330541 BCX0\">essayez de le dire \u00e0 haute voix\u202f<\/span><span class=\"NormalTextRun SCXW197330541 BCX0\">!<\/span><\/span><span class=\"EOP SCXW197330541 BCX0\" data-ccp-props=\"{}\">\u00a0<\/span><\/p>\n                                            <\/p>\n                                        <\/div>\n                                    <\/div>\n                                    <div class=\"col-12 col-md-6\">\n\t\t\t\t\t\t\t\t\t\t    <picture class=\"content-image\" data-mfp-src=\"https:\/\/www.mova.ch\/wp-content\/uploads\/2022\/07\/46_4_Internationale-Pfadi_Georgien_BravoWallE-scaled-e1659189466473.jpeg\" title=\"\">\n        <img srcset=\"https:\/\/www.mova.ch\/wp-content\/uploads\/2022\/07\/46_4_Internationale-Pfadi_Georgien_BravoWallE-1400x1867.jpeg 1x, https:\/\/www.mova.ch\/wp-content\/uploads\/2022\/07\/46_4_Internationale-Pfadi_Georgien_BravoWallE-2800x3733.jpeg 2x\" alt=\"\">\n    <\/picture>\n\t                                    <\/div>\n                                <\/div>\n                            <\/div>\n\n\t\t\t\t\t\t                    <\/section>\n\t\t\t\t                    <section>\n\t\t\t\t\t\t                            <div class=\"content-element--text-bild\">\n\t\t\t\t\t\t\t\t                                <div class=\"row no-gutters \">\n                                    <div class=\"col-12 col-md-6 bg-yellow\">\n                                        <div class=\"text\">\n                                            <h1>\n\t\t\t\t\t\t\t\t\t\t\t\tBurkina Faso                                            <\/h1>\n                                            <p>\n\t\t\t\t\t\t\t\t\t\t\t\t<p><span class=\"TextRun SCXW190618552 BCX0\" lang=\"FR-CH\" xml:lang=\"FR-CH\" data-contrast=\"auto\"><span class=\"NormalTextRun SCXW190618552 BCX0\">Des <\/span><span class=\"NormalTextRun SCXW190618552 BCX0\">Rovers<\/span><span class=\"NormalTextRun SCXW190618552 BCX0\"> du Burkina Faso sont \u00e9galement <\/span><span class=\"NormalTextRun SCXW190618552 BCX0\">venus <\/span><span class=\"NormalTextRun SCXW190618552 BCX0\">en Suisse pour <\/span><span class=\"NormalTextRun SCXW190618552 BCX0\">donner un coup de main<\/span><span class=\"NormalTextRun SCXW190618552 BCX0\">. <\/span><span class=\"NormalTextRun SCXW190618552 BCX0\">Comme <\/span><span class=\"NormalTextRun SCXW190618552 BCX0\">les scout-e-s serbes, <\/span><span class=\"NormalTextRun SCXW190618552 BCX0\">ce qui les <\/span><span class=\"NormalTextRun SCXW190618552 BCX0\">a principalement motiv\u00e9<\/span><span class=\"NormalTextRun SCXW190618552 BCX0\">s<\/span><span class=\"NormalTextRun SCXW190618552 BCX0\"> \u00e9tait le nombre de personnes<\/span><span class=\"NormalTextRun SCXW190618552 BCX0\">,<\/span><span class=\"NormalTextRun SCXW190618552 BCX0\"> provenant de toute la Suisse et partageant <\/span><span class=\"NormalTextRun SCXW190618552 BCX0\">le m\u00eame esprit scout<\/span><span class=\"NormalTextRun SCXW190618552 BCX0\">. <\/span><span class=\"NormalTextRun SCXW190618552 BCX0\">L\u2019engagement et l\u2019entre-aide pr\u00e9sents un peu partout le<\/span><span class=\"NormalTextRun SCXW190618552 BCX0\">ur pla\u00eet beaucoup et<\/span><span class=\"NormalTextRun SCXW190618552 BCX0\">, bien s\u00fbr,<\/span><span class=\"NormalTextRun SCXW190618552 BCX0\"> le<\/span><span class=\"NormalTextRun SCXW190618552 BCX0\">s<\/span><span class=\"NormalTextRun SCXW190618552 BCX0\"> paysage<\/span><span class=\"NormalTextRun SCXW190618552 BCX0\">s<\/span><span class=\"NormalTextRun SCXW190618552 BCX0\"> de r\u00eave<\/span><span class=\"NormalTextRun SCXW190618552 BCX0\">\u202f! <\/span><span class=\"NormalTextRun SCXW190618552 BCX0\">La <\/span><span class=\"NormalTextRun SCXW190618552 BCX0\">fra\u00eecheur du soir<\/span><span class=\"NormalTextRun SCXW190618552 BCX0\"> les a un peu \u00e9tonn\u00e9s<\/span><span class=\"NormalTextRun SCXW190618552 BCX0\">\u202f; c\u2019est vrai qu\u2019<\/span><span class=\"NormalTextRun SCXW190618552 BCX0\">ici, d\u00e8s que le soleil dispara\u00eet, il fait vite tr\u00e8s frais<\/span><span class=\"NormalTextRun SCXW190618552 BCX0\">, au point qu\u2019on <\/span><span class=\"NormalTextRun SCXW190618552 BCX0\">oublie<\/span><span class=\"NormalTextRun SCXW190618552 BCX0\"> presque<\/span><span class=\"NormalTextRun SCXW190618552 BCX0\"> qu&rsquo;on est en plein \u00e9t\u00e9<\/span><span class=\"NormalTextRun SCXW190618552 BCX0\">\u202f! P<\/span><span class=\"NormalTextRun SCXW190618552 BCX0\">arlons <\/span><span class=\"NormalTextRun SCXW190618552 BCX0\">aussi un peu <\/span><span class=\"NormalTextRun SCXW190618552 BCX0\">de leur repa<\/span><span class=\"NormalTextRun SCXW190618552 BCX0\">s<\/span><span class=\"NormalTextRun SCXW190618552 BCX0\"> typique de camp : <\/span><span class=\"NormalTextRun SCXW190618552 BCX0\">il s\u2019agit du <\/span><span class=\"NormalTextRun SCXW190618552 BCX0\">\u00ab\u00a0Le <\/span><span class=\"NormalTextRun SpellingErrorV2Themed SCXW190618552 BCX0\">t\u00f4<\/span><span class=\"NormalTextRun SCXW190618552 BCX0\">\u00ab\u00a0, une galette de millet ou de ma\u00efs<\/span><span class=\"NormalTextRun SCXW190618552 BCX0\">,<\/span><span class=\"NormalTextRun SCXW190618552 BCX0\"> que l&rsquo;on mange avec diff\u00e9rentes sauces.<\/span><\/span><span class=\"EOP SCXW190618552 BCX0\" data-ccp-props=\"{}\">\u00a0<\/span><\/p>\n                                            <\/p>\n                                        <\/div>\n                                    <\/div>\n                                    <div class=\"col-12 col-md-6\">\n\t\t\t\t\t\t\t\t\t\t    <picture class=\"content-image\" data-mfp-src=\"https:\/\/www.mova.ch\/wp-content\/uploads\/2022\/07\/45_4_Internationale_Pfadis_BurkinaFaso-scaled.jpg\" title=\"\">\n        <img srcset=\"https:\/\/www.mova.ch\/wp-content\/uploads\/2022\/07\/45_4_Internationale_Pfadis_BurkinaFaso-1400x1050.jpg 1x, https:\/\/www.mova.ch\/wp-content\/uploads\/2022\/07\/45_4_Internationale_Pfadis_BurkinaFaso-2800x2100.jpg 2x\" alt=\"\">\n    <\/picture>\n\t                                    <\/div>\n                                <\/div>\n                            <\/div>\n\n\t\t\t\t\t\t                    <\/section>\n\t\t\t\t                    <section>\n\t\t\t\t\t\t                            <div class=\"content-element--text-bild\">\n\t\t\t\t\t\t\t\t                                <div class=\"row no-gutters flex-row-reverse\">\n                                    <div class=\"col-12 col-md-6 bg-red\">\n                                        <div class=\"text\">\n                                            <h1>\n\t\t\t\t\t\t\t\t\t\t\t\tMaroc                                            <\/h1>\n                                            <p>\n\t\t\t\t\t\t\t\t\t\t\t\t<p>&nbsp;<\/p>\n<p><span class=\"TextRun SCXW141270267 BCX0\" lang=\"FR-CH\" xml:lang=\"FR-CH\" data-contrast=\"auto\"><span class=\"NormalTextRun SCXW141270267 BCX0\">Comme e<\/span><span class=\"NormalTextRun SCXW141270267 BCX0\">lle avait d\u00e9j\u00e0 particip\u00e9 \u00e0 un projet au KISC (Kandersteg International Scout Center)<\/span><span class=\"NormalTextRun SCXW141270267 BCX0\">, on<\/span><span class=\"NormalTextRun SCXW141270267 BCX0\"> a m\u00eame<\/span><span class=\"NormalTextRun SCXW141270267 BCX0\"> propos\u00e9 <\/span><span class=\"NormalTextRun SCXW141270267 BCX0\">\u00e0 une scoute marocaine<\/span><span class=\"NormalTextRun SCXW141270267 BCX0\"> de venir au <\/span><span class=\"NormalTextRun SpellingErrorV2Themed SCXW141270267 BCX0\">mova<\/span><span class=\"NormalTextRun SCXW141270267 BCX0\">\u202f! <\/span><span class=\"NormalTextRun SCXW141270267 BCX0\">Le projet qu\u2019elle avait fait au KISC \u00e9tait en lien avec <\/span><span class=\"NormalTextRun SCXW141270267 BCX0\">l&rsquo;\u00e9nergie solaire<\/span><span class=\"NormalTextRun SCXW141270267 BCX0\"> et c\u2019est \u00e9galement ce qui l\u2019occupe <\/span><span class=\"NormalTextRun SCXW141270267 BCX0\">au <\/span><span class=\"NormalTextRun SpellingErrorV2Themed SCXW141270267 BCX0\">mova<\/span><span class=\"NormalTextRun SCXW141270267 BCX0\">, <\/span><span class=\"NormalTextRun SCXW141270267 BCX0\">au stand de <\/span><span class=\"NormalTextRun SpellingErrorV2Themed SCXW141270267 BCX0\">Solafrica<\/span><span class=\"NormalTextRun SCXW141270267 BCX0\">. Ce qui l&rsquo;impressionne particuli\u00e8rement au <\/span><span class=\"NormalTextRun SpellingErrorV2Themed SCXW141270267 BCX0\">mova<\/span><span class=\"NormalTextRun SCXW141270267 BCX0\">, c&rsquo;est la grandeur<\/span><span class=\"NormalTextRun SCXW141270267 BCX0\">, bien s\u00fbr, <\/span><span class=\"NormalTextRun SCXW141270267 BCX0\">mais aussi <\/span><span class=\"NormalTextRun SCXW141270267 BCX0\">l&rsquo;interculturalit\u00e9 de la Suisse. Au Maroc, un camp scout ne peut se passer de \u00ab\u00a0tajine marocain<\/span><span class=\"NormalTextRun SCXW141270267 BCX0\">e<\/span><span class=\"NormalTextRun SCXW141270267 BCX0\">\u00ab\u00a0, un repas \u00e0 base de poulet, de l\u00e9gumes et de citron.<\/span><\/span><span class=\"EOP SCXW141270267 BCX0\" data-ccp-props=\"{}\">\u00a0<\/span><\/p>\n                                            <\/p>\n                                        <\/div>\n                                    <\/div>\n                                    <div class=\"col-12 col-md-6\">\n\t\t\t\t\t\t\t\t\t\t    <picture class=\"content-image\" data-mfp-src=\"https:\/\/www.mova.ch\/wp-content\/uploads\/2022\/07\/47_4_Internationale_Pfadis_Maroc-scaled-e1659189523133.jpg\" title=\"\">\n        <img srcset=\"https:\/\/www.mova.ch\/wp-content\/uploads\/2022\/07\/47_4_Internationale_Pfadis_Maroc-1400x2100.jpg 1x, https:\/\/www.mova.ch\/wp-content\/uploads\/2022\/07\/47_4_Internationale_Pfadis_Maroc-2800x4200.jpg 2x\" alt=\"\">\n    <\/picture>\n\t                                    <\/div>\n                                <\/div>\n                            <\/div>\n\n\t\t\t\t\t\t                    <\/section>\n\t\t\t\t                    <section>\n\t\t\t\t\t\t                            <div class=\"content-element--text-spalten\">\n                                <div class=\"col-12 spalte-element bg-blue\">\n\t\t\t\t\t\t\t\t\t                                    <div class=\"column-count-small-reset\" style=\"column-count: 1\">\n\t\t\t\t\t\t\t\t\t\t<p><span class=\"TextRun SCXW48308006 BCX0\" lang=\"FR-CH\" xml:lang=\"FR-CH\" data-contrast=\"auto\"><span class=\"NormalTextRun SCXW48308006 BCX0\">M\u00eame si <\/span><span class=\"NormalTextRun SCXW48308006 BCX0\">la plupart des visiteurs et visiteuses <\/span><span class=\"NormalTextRun SCXW48308006 BCX0\">n\u2019avaient pas un voyage aussi long pour venir <\/span><span class=\"NormalTextRun SCXW48308006 BCX0\">au <\/span><span class=\"NormalTextRun SpellingErrorV2Themed SCXW48308006 BCX0\">mova<\/span><span class=\"NormalTextRun SCXW48308006 BCX0\">, <\/span><span class=\"NormalTextRun SCXW48308006 BCX0\">ces quelques <\/span><span class=\"NormalTextRun SCXW48308006 BCX0\">\u00e9l\u00e9ments montrent d\u00e9j\u00e0 <\/span><span class=\"NormalTextRun SCXW48308006 BCX0\">que le scoutisme peut \u00eatre extr\u00eamement diff\u00e9rent<\/span><span class=\"NormalTextRun SCXW48308006 BCX0\"> d\u2019un pays \u00e0 l\u2019autre<\/span><span class=\"NormalTextRun SCXW48308006 BCX0\">. <\/span><span class=\"NormalTextRun SCXW48308006 BCX0\">Pour s\u00fbr, <\/span><span class=\"NormalTextRun SCXW48308006 BCX0\">les groupes et <\/span><span class=\"NormalTextRun SCXW48308006 BCX0\">les <\/span><span class=\"NormalTextRun SCXW48308006 BCX0\">personnes <\/span><span class=\"NormalTextRun SCXW48308006 BCX0\">d\u2019autres pays qui sont venus <\/span><span class=\"NormalTextRun SCXW48308006 BCX0\">emporte<\/span><span class=\"NormalTextRun SCXW48308006 BCX0\">ro<\/span><span class=\"NormalTextRun SCXW48308006 BCX0\">nt avec eux <\/span><span class=\"NormalTextRun SCXW48308006 BCX0\">de beaux souvenirs <\/span><span class=\"NormalTextRun SCXW48308006 BCX0\">et, esp\u00e9rons-le, de<\/span><span class=\"NormalTextRun SCXW48308006 BCX0\"> l\u2019<\/span><span class=\"NormalTextRun SCXW48308006 BCX0\">inspiration pour leur quotidien scout<\/span> <span class=\"NormalTextRun SCXW48308006 BCX0\">dans leur pays\u202f<\/span><span class=\"NormalTextRun SCXW48308006 BCX0\">! <\/span><span class=\"NormalTextRun SCXW48308006 BCX0\">Et les groupes suisses, q<\/span><span class=\"NormalTextRun SCXW48308006 BCX0\">uels <\/span><span class=\"NormalTextRun SCXW48308006 BCX0\">souvenirs <\/span><span class=\"NormalTextRun SCXW48308006 BCX0\">garderont<\/span><span class=\"NormalTextRun SCXW48308006 BCX0\">-ils de ces rencontres<\/span><span class=\"NormalTextRun SCXW48308006 BCX0\">\u202f<\/span><span class=\"NormalTextRun SCXW48308006 BCX0\">?<\/span><\/span><span class=\"EOP SCXW48308006 BCX0\" data-ccp-props=\"{}\">\u00a0<\/span><\/p>\n                                    <\/div>\n\t\t\t\t\t\t\t\t\t                                <\/div>\n                            <\/div>\n\n\t\t\t\t\t\t\t\n\t\t\t\t\t\t                    <\/section>\n\t\t\t\t\t\t\t        <\/div>\n    <\/div>","_links":{"self":[{"href":"https:\/\/www.mova.ch\/fr\/wp-json\/wp\/v2\/posts\/23382","targetHints":{"allow":["GET"]}}],"collection":[{"href":"https:\/\/www.mova.ch\/fr\/wp-json\/wp\/v2\/posts"}],"about":[{"href":"https:\/\/www.mova.ch\/fr\/wp-json\/wp\/v2\/types\/post"}],"author":[{"embeddable":true,"href":"https:\/\/www.mova.ch\/fr\/wp-json\/wp\/v2\/users\/2408"}],"replies":[{"embeddable":true,"href":"https:\/\/www.mova.ch\/fr\/wp-json\/wp\/v2\/comments?post=23382"}],"version-history":[{"count":2,"href":"https:\/\/www.mova.ch\/fr\/wp-json\/wp\/v2\/posts\/23382\/revisions"}],"predecessor-version":[{"id":23392,"href":"https:\/\/www.mova.ch\/fr\/wp-json\/wp\/v2\/posts\/23382\/revisions\/23392"}],"wp:featuredmedia":[{"embeddable":true,"href":"https:\/\/www.mova.ch\/fr\/wp-json\/wp\/v2\/media\/23336"}],"wp:attachment":[{"href":"https:\/\/www.mova.ch\/fr\/wp-json\/wp\/v2\/media?parent=23382"}],"wp:term":[{"taxonomy":"category","embeddable":true,"href":"https:\/\/www.mova.ch\/fr\/wp-json\/wp\/v2\/categories?post=23382"},{"taxonomy":"post_tag","embeddable":true,"href":"https:\/\/www.mova.ch\/fr\/wp-json\/wp\/v2\/tags?post=23382"}],"curies":[{"name":"wp","href":"https:\/\/api.w.org\/{rel}","templated":true}]}}